{"id":20448,"date":"2022-09-06T12:25:55","date_gmt":"2022-09-06T10:25:55","guid":{"rendered":"https:\/\/www.seguso.it\/?p=20448"},"modified":"2022-09-06T12:25:55","modified_gmt":"2022-09-06T10:25:55","slug":"intervento-por-regione-veneto-2","status":"publish","type":"post","link":"https:\/\/www.seguso.it\/it\/intervento-por-regione-veneto-2\/","title":{"rendered":"Intervento POR Regione Veneto"},"content":{"rendered":"<p><img loading=\"lazy\" decoding=\"async\" class=\"alignleft size-medium wp-image-19312\" src=\"\/wp-content\/uploads\/por_veneto_logo_banner-300x256.jpg\" alt=\"\" width=\"300\" height=\"256\" srcset=\"https:\/\/www.seguso.it\/wp-content\/uploads\/por_veneto_logo_banner-300x256.jpg 300w, https:\/\/www.seguso.it\/wp-content\/uploads\/por_veneto_logo_banner-768x656.jpg 768w, https:\/\/www.seguso.it\/wp-content\/uploads\/por_veneto_logo_banner-600x512.jpg 600w, https:\/\/www.seguso.it\/wp-content\/uploads\/por_veneto_logo_banner.jpg 1000w\" sizes=\"auto, (max-width: 300px) 100vw, 300px\" \/><strong>OMNIAGLASS 4.0 \u2013 Strategia di promozione omni-channel e industry 4.0, per l\u2019export del Vetro di Murano<\/strong><\/p>\n<p>Il progetto Omniaglass 4.0 vede organizzare in ATI, tre aziende storiche nella produzione del Vetro Artistico di Murano, tutte con sede nell\u2019isola. La loro offerta ai mercati di creazioni di alto artigianato \u00e8 complementare e non sovrapponibile: illuminazione (Seguso Gianni), sculture (Zanetti) e bicchieri (Nason Moretti). Le aziende hanno intrapreso questo progetto comune per rafforzare la loro presenza su tre mercati esteri strategici per il loro export: Usa, Russia e Penisola Araba.<\/p>\n<p>La strategia di internazionalizzazione Omniaglass 4.0 si focalizza sull\u2019uso di innovativi strumenti e canali per la promozione e comunicazione ai mercati target dei loro brand, dei prodotti e dei processi creativi per realizzarli.<\/p>\n<p>Gli strumenti quali: la realt\u00e0 virtuale con i relativi visori (VR), i display olografici 3d (D3D), le piattaforme e-commerce (E-C) ed i canali digitali di promozione (DP) vengono utilizzati per presidiare con efficacia ogni punto di contatto (in fiera, in azienda, presso i propri distributori \/ partner e on-line) con i buyers e la clientela finale, all\u2019interno di una organica strategia omni-canale.<br \/>\nSi effettueranno studi di fattibilit\u00e0 ed analisi di mercato e successivamente il piano di export. Per l\u2019impresa Nason Moretti (Moretti per brevit\u00e0) e la Seguso Gianni (Seguso per brevit\u00e0) \u00e8 previsto anche lo studio e progettazione di nuove linee di prodotto, gi\u00e0 individuate, dalle caratteristiche innovative per il settore del vetro di Murano.<\/p>\n<p>I canali digitali verranno utilizzati per veicolare gli interlocutori B2B e B2C verso le Fiere di interesse e per generare attenzione verso i brand ed i prodotti prima, durante e dopo il loro svolgimento.<\/p>\n<p>Nelle Fiere i prodotti verranno esposti non solo tradizionalmente ma anche tramite i display olografici 3D per presentare virtualmente i prodotti, senza necessitare di ampi spazi ed importanti investimenti. Tramite visori VR verranno illustrati i processi creativi con un effetto iper-realistico di grande efficacia coinvolgendo gli interlocutori come se fossero in fornace al fianco dei maestri, con un elevato ritorno in termini di costo\/efficacia della presenza in Fiera.<\/p>\n<p>Post Fiera, il percorso di fidelizzazione verr\u00e0 completato presso le sedi aziendali con la presentazione dei prodotti fisici. I visitatori delle fiere e un bacino pi\u00f9 ampio di buyer verr\u00e0 coinvolto in iniziative di incoming, utilizzando le applicazioni di realt\u00e0 virtuale sui canali digitali e presso i propri distributori.<\/p>\n<p>ASSE 3 \u201cCOMPETITIVIT\u00c0 DEI SISTEMI PRODUTTIVI\u201d<\/p>\n<p>AZIONE 3.4.1 \u201cProgetti di promozione dell&#8217;export destinati a imprese e loro forme aggregate individuate su base territoriale o settoriale\u201d<\/p>\n<p><em>Sostegno di \u20ac235.245,00 su un totale di progetto di \u20ac470.490,00<\/em><\/p>\n","protected":false},"excerpt":{"rendered":"<p>OMNIAGLASS 4.0 \u2013 Strategia di promozione omni-channel e industry 4.0, per l\u2019export del Vetro di&#8230;<\/p>\n","protected":false},"author":1,"featured_media":0,"comment_status":"open","ping_status":"closed","sticky":false,"template":"","format":"standard","meta":{"footnotes":""},"categories":[53],"tags":[80],"class_list":["post-20448","post","type-post","status-publish","format-standard","hentry","category-news","tag-intervento-por-regione-veneto"],"yoast_head":"<!-- This site is optimized with the Yoast SEO plugin v27.2 - https:\/\/yoast.com\/product\/yoast-seo-wordpress\/ -->\n<title>Intervento POR Regione Veneto - Seguso Gianni<\/title>\n<meta name=\"description\" content=\"Intervento di riqualificazione energetica realizzato con il contributo POR. Tutti i dettagli su questa pagina.\" \/>\n<meta name=\"robots\" content=\"noindex, follow\" \/>\n<meta property=\"og:locale\" content=\"it_IT\" \/>\n<meta property=\"og:type\" content=\"article\" \/>\n<meta property=\"og:title\" content=\"Intervento POR Regione Veneto - Seguso Gianni\" \/>\n<meta property=\"og:description\" content=\"Intervento di riqualificazione energetica realizzato con il contributo POR. Tutti i dettagli su questa pagina.\" \/>\n<meta property=\"og:url\" content=\"https:\/\/www.seguso.it\/it\/intervento-por-regione-veneto-2\/\" \/>\n<meta property=\"og:site_name\" content=\"Seguso Gianni\" \/>\n<meta property=\"article:published_time\" content=\"2022-09-06T10:25:55+00:00\" \/>\n<meta name=\"author\" content=\"Seguso Gianni\" \/>\n<meta name=\"twitter:card\" content=\"summary_large_image\" \/>\n<meta name=\"twitter:label1\" content=\"Scritto da\" \/>\n\t<meta name=\"twitter:data1\" content=\"Seguso Gianni\" \/>\n\t<meta name=\"twitter:label2\" content=\"Tempo di lettura stimato\" \/>\n\t<meta name=\"twitter:data2\" content=\"3 minuti\" \/>\n<script type=\"application\/ld+json\" class=\"yoast-schema-graph\">{\"@context\":\"https:\/\/schema.org\",\"@graph\":[{\"@type\":\"Article\",\"@id\":\"https:\/\/www.seguso.it\/it\/intervento-por-regione-veneto-2\/#article\",\"isPartOf\":{\"@id\":\"https:\/\/www.seguso.it\/it\/intervento-por-regione-veneto-2\/\"},\"author\":{\"name\":\"Seguso Gianni\",\"@id\":\"https:\/\/www.seguso.it\/it\/#\/schema\/person\/71919cdce5b66a58d1c60c257f14970a\"},\"headline\":\"Intervento POR Regione Veneto\",\"datePublished\":\"2022-09-06T10:25:55+00:00\",\"mainEntityOfPage\":{\"@id\":\"https:\/\/www.seguso.it\/it\/intervento-por-regione-veneto-2\/\"},\"wordCount\":424,\"commentCount\":0,\"keywords\":[\"Intervento POR Regione Veneto\"],\"articleSection\":[\"News\"],\"inLanguage\":\"it-IT\",\"potentialAction\":[{\"@type\":\"CommentAction\",\"name\":\"Comment\",\"target\":[\"https:\/\/www.seguso.it\/it\/intervento-por-regione-veneto-2\/#respond\"]}]},{\"@type\":\"WebPage\",\"@id\":\"https:\/\/www.seguso.it\/it\/intervento-por-regione-veneto-2\/\",\"url\":\"https:\/\/www.seguso.it\/it\/intervento-por-regione-veneto-2\/\",\"name\":\"Intervento POR Regione Veneto - Seguso Gianni\",\"isPartOf\":{\"@id\":\"https:\/\/www.seguso.it\/it\/#website\"},\"datePublished\":\"2022-09-06T10:25:55+00:00\",\"author\":{\"@id\":\"https:\/\/www.seguso.it\/it\/#\/schema\/person\/71919cdce5b66a58d1c60c257f14970a\"},\"description\":\"Intervento di riqualificazione energetica realizzato con il contributo POR. Tutti i dettagli su questa pagina.\",\"breadcrumb\":{\"@id\":\"https:\/\/www.seguso.it\/it\/intervento-por-regione-veneto-2\/#breadcrumb\"},\"inLanguage\":\"it-IT\",\"potentialAction\":[{\"@type\":\"ReadAction\",\"target\":[\"https:\/\/www.seguso.it\/it\/intervento-por-regione-veneto-2\/\"]}]},{\"@type\":\"BreadcrumbList\",\"@id\":\"https:\/\/www.seguso.it\/it\/intervento-por-regione-veneto-2\/#breadcrumb\",\"itemListElement\":[{\"@type\":\"ListItem\",\"position\":1,\"name\":\"Home\",\"item\":\"https:\/\/www.seguso.it\/it\/\"},{\"@type\":\"ListItem\",\"position\":2,\"name\":\"Intervento POR Regione Veneto\"}]},{\"@type\":\"WebSite\",\"@id\":\"https:\/\/www.seguso.it\/it\/#website\",\"url\":\"https:\/\/www.seguso.it\/it\/\",\"name\":\"Seguso Gianni\",\"description\":\"High Quality Murano Glass Factory in Venice Italy\",\"potentialAction\":[{\"@type\":\"SearchAction\",\"target\":{\"@type\":\"EntryPoint\",\"urlTemplate\":\"https:\/\/www.seguso.it\/it\/?s={search_term_string}\"},\"query-input\":{\"@type\":\"PropertyValueSpecification\",\"valueRequired\":true,\"valueName\":\"search_term_string\"}}],\"inLanguage\":\"it-IT\"},{\"@type\":\"Person\",\"@id\":\"https:\/\/www.seguso.it\/it\/#\/schema\/person\/71919cdce5b66a58d1c60c257f14970a\",\"name\":\"Seguso Gianni\",\"image\":{\"@type\":\"ImageObject\",\"inLanguage\":\"it-IT\",\"@id\":\"https:\/\/secure.gravatar.com\/avatar\/e4c6c3702b14a55c5c988a5ada8700ee3f6127f30573d6609c6d00fb68f1a6a7?s=96&d=mm&r=g\",\"url\":\"https:\/\/secure.gravatar.com\/avatar\/e4c6c3702b14a55c5c988a5ada8700ee3f6127f30573d6609c6d00fb68f1a6a7?s=96&d=mm&r=g\",\"contentUrl\":\"https:\/\/secure.gravatar.com\/avatar\/e4c6c3702b14a55c5c988a5ada8700ee3f6127f30573d6609c6d00fb68f1a6a7?s=96&d=mm&r=g\",\"caption\":\"Seguso Gianni\"}}]}<\/script>\n<!-- \/ Yoast SEO plugin. -->","yoast_head_json":{"title":"Intervento POR Regione Veneto - Seguso Gianni","description":"Intervento di riqualificazione energetica realizzato con il contributo POR. Tutti i dettagli su questa pagina.","robots":{"index":"noindex","follow":"follow"},"og_locale":"it_IT","og_type":"article","og_title":"Intervento POR Regione Veneto - Seguso Gianni","og_description":"Intervento di riqualificazione energetica realizzato con il contributo POR. Tutti i dettagli su questa pagina.","og_url":"https:\/\/www.seguso.it\/it\/intervento-por-regione-veneto-2\/","og_site_name":"Seguso Gianni","article_published_time":"2022-09-06T10:25:55+00:00","author":"Seguso Gianni","twitter_card":"summary_large_image","twitter_misc":{"Scritto da":"Seguso Gianni","Tempo di lettura stimato":"3 minuti"},"schema":{"@context":"https:\/\/schema.org","@graph":[{"@type":"Article","@id":"https:\/\/www.seguso.it\/it\/intervento-por-regione-veneto-2\/#article","isPartOf":{"@id":"https:\/\/www.seguso.it\/it\/intervento-por-regione-veneto-2\/"},"author":{"name":"Seguso Gianni","@id":"https:\/\/www.seguso.it\/it\/#\/schema\/person\/71919cdce5b66a58d1c60c257f14970a"},"headline":"Intervento POR Regione Veneto","datePublished":"2022-09-06T10:25:55+00:00","mainEntityOfPage":{"@id":"https:\/\/www.seguso.it\/it\/intervento-por-regione-veneto-2\/"},"wordCount":424,"commentCount":0,"keywords":["Intervento POR Regione Veneto"],"articleSection":["News"],"inLanguage":"it-IT","potentialAction":[{"@type":"CommentAction","name":"Comment","target":["https:\/\/www.seguso.it\/it\/intervento-por-regione-veneto-2\/#respond"]}]},{"@type":"WebPage","@id":"https:\/\/www.seguso.it\/it\/intervento-por-regione-veneto-2\/","url":"https:\/\/www.seguso.it\/it\/intervento-por-regione-veneto-2\/","name":"Intervento POR Regione Veneto - Seguso Gianni","isPartOf":{"@id":"https:\/\/www.seguso.it\/it\/#website"},"datePublished":"2022-09-06T10:25:55+00:00","author":{"@id":"https:\/\/www.seguso.it\/it\/#\/schema\/person\/71919cdce5b66a58d1c60c257f14970a"},"description":"Intervento di riqualificazione energetica realizzato con il contributo POR. Tutti i dettagli su questa pagina.","breadcrumb":{"@id":"https:\/\/www.seguso.it\/it\/intervento-por-regione-veneto-2\/#breadcrumb"},"inLanguage":"it-IT","potentialAction":[{"@type":"ReadAction","target":["https:\/\/www.seguso.it\/it\/intervento-por-regione-veneto-2\/"]}]},{"@type":"BreadcrumbList","@id":"https:\/\/www.seguso.it\/it\/intervento-por-regione-veneto-2\/#breadcrumb","itemListElement":[{"@type":"ListItem","position":1,"name":"Home","item":"https:\/\/www.seguso.it\/it\/"},{"@type":"ListItem","position":2,"name":"Intervento POR Regione Veneto"}]},{"@type":"WebSite","@id":"https:\/\/www.seguso.it\/it\/#website","url":"https:\/\/www.seguso.it\/it\/","name":"Seguso Gianni","description":"High Quality Murano Glass Factory in Venice Italy","potentialAction":[{"@type":"SearchAction","target":{"@type":"EntryPoint","urlTemplate":"https:\/\/www.seguso.it\/it\/?s={search_term_string}"},"query-input":{"@type":"PropertyValueSpecification","valueRequired":true,"valueName":"search_term_string"}}],"inLanguage":"it-IT"},{"@type":"Person","@id":"https:\/\/www.seguso.it\/it\/#\/schema\/person\/71919cdce5b66a58d1c60c257f14970a","name":"Seguso Gianni","image":{"@type":"ImageObject","inLanguage":"it-IT","@id":"https:\/\/secure.gravatar.com\/avatar\/e4c6c3702b14a55c5c988a5ada8700ee3f6127f30573d6609c6d00fb68f1a6a7?s=96&d=mm&r=g","url":"https:\/\/secure.gravatar.com\/avatar\/e4c6c3702b14a55c5c988a5ada8700ee3f6127f30573d6609c6d00fb68f1a6a7?s=96&d=mm&r=g","contentUrl":"https:\/\/secure.gravatar.com\/avatar\/e4c6c3702b14a55c5c988a5ada8700ee3f6127f30573d6609c6d00fb68f1a6a7?s=96&d=mm&r=g","caption":"Seguso Gianni"}}]}},"_links":{"self":[{"href":"https:\/\/www.seguso.it\/it\/wp-json\/wp\/v2\/posts\/20448","targetHints":{"allow":["GET"]}}],"collection":[{"href":"https:\/\/www.seguso.it\/it\/wp-json\/wp\/v2\/posts"}],"about":[{"href":"https:\/\/www.seguso.it\/it\/wp-json\/wp\/v2\/types\/post"}],"author":[{"embeddable":true,"href":"https:\/\/www.seguso.it\/it\/wp-json\/wp\/v2\/users\/1"}],"replies":[{"embeddable":true,"href":"https:\/\/www.seguso.it\/it\/wp-json\/wp\/v2\/comments?post=20448"}],"version-history":[{"count":2,"href":"https:\/\/www.seguso.it\/it\/wp-json\/wp\/v2\/posts\/20448\/revisions"}],"predecessor-version":[{"id":20450,"href":"https:\/\/www.seguso.it\/it\/wp-json\/wp\/v2\/posts\/20448\/revisions\/20450"}],"wp:attachment":[{"href":"https:\/\/www.seguso.it\/it\/wp-json\/wp\/v2\/media?parent=20448"}],"wp:term":[{"taxonomy":"category","embeddable":true,"href":"https:\/\/www.seguso.it\/it\/wp-json\/wp\/v2\/categories?post=20448"},{"taxonomy":"post_tag","embeddable":true,"href":"https:\/\/www.seguso.it\/it\/wp-json\/wp\/v2\/tags?post=20448"}],"curies":[{"name":"wp","href":"https:\/\/api.w.org\/{rel}","templated":true}]}}